{"id":11403,"date":"2023-06-15T10:54:45","date_gmt":"2023-06-15T15:54:45","guid":{"rendered":"https:\/\/leonardo.pe\/?p=3624"},"modified":"2023-06-15T10:54:45","modified_gmt":"2023-06-15T15:54:45","slug":"kiara-penny-en-indigo-2","status":"publish","type":"post","link":"https:\/\/leonardo.pe\/wp\/2023\/06\/15\/kiara-penny-en-indigo-2\/","title":{"rendered":"Kiara Penny: \u201cMi arte son mis emociones, mis recuerdos y c\u00f3mo he aprendido a ver y vernos como mujeres, d\u00e1ndole voz y soltando para ser libre\u201d"},"content":{"rendered":"<p><span style=\"font-weight: 400;\">Kiara Penny (Trujillo, 1992), es una artista pl\u00e1stica que, desde peque\u00f1a, llevaba a todas partes una caja de colores sin imaginar que ah\u00ed estaba su vocaci\u00f3n. <\/span><span style=\"font-weight: 400;\"><br \/>\n<\/span><span style=\"font-weight: 400;\">Se inici\u00f3 como artista autodidacta y luego curs\u00f3 estudios en Bellas Artes y Corriente Alterna. Sus trabajos se basan en vivencias y emociones diarias, por lo que sus pinceladas y movimientos son temperamentales como sentimentales. Su estilo se caracteriza por ser en su mayor\u00eda expresionismo moderno y abstracto. Ha presentado las muestras individuales: Cuerpos silenciosos (2016), Eva (2017), Atm\u00f3sfera (2018) y ha participado en la muestra colectiva Realidades Paralelas (2019), entre otras.<\/span><\/p>\n<p><span style=\"font-weight: 400;\">En estos d\u00edas, la artista est\u00e1 presentando en Galer\u00eda \u00cdndigo \u201cEl espejo de ellas\u201d, una cautivadora exposici\u00f3n de pinturas que tiene como protagonista la figura femenina. Esta muestra, en la que Penny ha trabajado desde la pandemia, presenta una serie de pinturas de gran formato, con siluetas y detalles trazados con carb\u00f3n, acr\u00edlicos y grafitos, trabajadas todas con t\u00e9cnica mixta, algo que permiti\u00f3 sumar profundidad y color a cada pieza.\u00a0<\/span><\/p>\n<p><img fetchpriority=\"high\" decoding=\"async\" class=\"alignnone size-full wp-image-3625\" src=\"https:\/\/leonardo.pe\/wp\/wp-content\/uploads\/2023\/06\/FOTO-1-2.jpg\" alt=\"\" width=\"1200\" height=\"800\" srcset=\"https:\/\/leonardo.pe\/wp\/wp-content\/uploads\/2023\/06\/FOTO-1-2.jpg 1200w, https:\/\/leonardo.pe\/wp\/wp-content\/uploads\/2023\/06\/FOTO-1-2-500x333.jpg 500w, https:\/\/leonardo.pe\/wp\/wp-content\/uploads\/2023\/06\/FOTO-1-2-700x467.jpg 700w, https:\/\/leonardo.pe\/wp\/wp-content\/uploads\/2023\/06\/FOTO-1-2-300x200.jpg 300w, https:\/\/leonardo.pe\/wp\/wp-content\/uploads\/2023\/06\/FOTO-1-2-1024x683.jpg 1024w, https:\/\/leonardo.pe\/wp\/wp-content\/uploads\/2023\/06\/FOTO-1-2-768x512.jpg 768w\" sizes=\"(max-width: 1200px) 100vw, 1200px\" \/><\/p>\n<p><span style=\"font-weight: 400;\">Son 25 pinturas donde cada una cuenta un d\u00eda, un recuerdo, una vivencia. Figuras femeninas con ojos grandes, coronas de rosas y de espinas, miradas inquietantes y curiosas, sonrisas, miedos, fuerza y fragilidad. <\/span><span style=\"font-weight: 400;\"><br \/>\n<\/span><span style=\"font-weight: 400;\">Kiara convers\u00f3 con Leonardo, y esto fue lo que nos dijo.<\/span><\/p>\n<p><b>\u00bfQu\u00e9 define tu arte, Kiara?<\/b><span style=\"font-weight: 400;\"><br \/>\n<\/span><span style=\"font-weight: 400;\">Mi arte son mis emociones, mis recuerdos y como he aprendido a ver y vernos como mujeres, d\u00e1ndole voz y soltando para ser libre.<\/span><\/p>\n<p><b>\u00bfD\u00f3nde encuentras tus mayores y mejores referencias?<\/b><b><br \/>\n<\/b><span style=\"font-weight: 400;\">Me gusta mucho leer, crear historias y aprender de las personas cercanas a m\u00ed.<\/span><span style=\"font-weight: 400;\"><\/p>\n<p><\/span><b>\u00bfQu\u00e9 te inspira?<\/b><b><br \/>\n<\/b><span style=\"font-weight: 400;\">Me inspira el mar, la naturaleza y los recuerdos<\/span><\/p>\n<p><img decoding=\"async\" class=\"alignnone size-full wp-image-3626\" src=\"https:\/\/leonardo.pe\/wp\/wp-content\/uploads\/2023\/06\/FOTO-2-3.jpg\" alt=\"\" width=\"1200\" height=\"832\" srcset=\"https:\/\/leonardo.pe\/wp\/wp-content\/uploads\/2023\/06\/FOTO-2-3.jpg 1200w, https:\/\/leonardo.pe\/wp\/wp-content\/uploads\/2023\/06\/FOTO-2-3-500x347.jpg 500w, https:\/\/leonardo.pe\/wp\/wp-content\/uploads\/2023\/06\/FOTO-2-3-700x485.jpg 700w, https:\/\/leonardo.pe\/wp\/wp-content\/uploads\/2023\/06\/FOTO-2-3-300x208.jpg 300w, https:\/\/leonardo.pe\/wp\/wp-content\/uploads\/2023\/06\/FOTO-2-3-1024x710.jpg 1024w, https:\/\/leonardo.pe\/wp\/wp-content\/uploads\/2023\/06\/FOTO-2-3-768x532.jpg 768w\" sizes=\"(max-width: 1200px) 100vw, 1200px\" \/><\/p>\n<p><b>\u00bfQu\u00e9 gatilla tu proceso creativo?<\/b><b><br \/>\n<\/b><span style=\"font-weight: 400;\">A veces la tristeza, tocar fondo te hace ver la luz y lo maravilloso que tenemos en la vida.<\/span><\/p>\n<p><b>\u00bfQu\u00e9 sensaci\u00f3n te embarga al concluir una obra?<br \/>\n<\/b><span style=\"font-weight: 400;\">El soltar un sentimiento y verlo como algo de luz<\/span><\/p>\n<p><b>\u00bfQu\u00e9 es lo que nunca debe faltar cuando pintas?<br \/>\n<\/b><span style=\"font-weight: 400;\">Un caf\u00e9.<\/span><\/p>\n<blockquote><p><b>\u00bfCu\u00e1l es el esp\u00edritu que habita en El espejo de ellas?<\/b><b><br \/>\n<\/b><b>El recuerdo de mi abuela, ver sus a\u00f1os de juventud y la felicidad que la embargaba en ese momento a trav\u00e9s de fotos que encontr\u00e9. Fue un proceso que dur\u00f3 dos a\u00f1os de asimilar y poder plasmarlo en lo que fue su vida de joven y sus \u00faltimos a\u00f1os conmigo.<\/b><\/p><\/blockquote>\n<p><img decoding=\"async\" class=\"alignnone size-full wp-image-3627\" src=\"https:\/\/leonardo.pe\/wp\/wp-content\/uploads\/2023\/06\/FOTO-3-2.jpg\" alt=\"\" width=\"1200\" height=\"821\" srcset=\"https:\/\/leonardo.pe\/wp\/wp-content\/uploads\/2023\/06\/FOTO-3-2.jpg 1200w, https:\/\/leonardo.pe\/wp\/wp-content\/uploads\/2023\/06\/FOTO-3-2-500x342.jpg 500w, https:\/\/leonardo.pe\/wp\/wp-content\/uploads\/2023\/06\/FOTO-3-2-700x479.jpg 700w, https:\/\/leonardo.pe\/wp\/wp-content\/uploads\/2023\/06\/FOTO-3-2-300x205.jpg 300w, https:\/\/leonardo.pe\/wp\/wp-content\/uploads\/2023\/06\/FOTO-3-2-1024x701.jpg 1024w, https:\/\/leonardo.pe\/wp\/wp-content\/uploads\/2023\/06\/FOTO-3-2-768x525.jpg 768w\" sizes=\"(max-width: 1200px) 100vw, 1200px\" \/><\/p>\n<p><b>\u00bfC\u00f3mo fue su proceso?<\/b><span style=\"font-weight: 400;\"><br \/>\n<\/span><span style=\"font-weight: 400;\">Re conectarme, soltar y traer todas las emociones que tenemos y ver que todas son parte de nosotros.<\/span><\/p>\n<p><b>\u00bfQu\u00e9 otra t\u00e9cnica de trabajo te gustar\u00eda aprender y explorar?<\/b><b><br \/>\n<\/b><span style=\"font-weight: 400;\">Me gustar\u00eda hacer esculturas en arcilla<\/span><\/p>\n<p><b>\u00bfQu\u00e9 otras artes y artistas han llamado recientemente tu atenci\u00f3n?<\/b><b><br \/>\n<\/b><span style=\"font-weight: 400;\">Me gusta la acuarela y \u00faltimamente me parece incre\u00edble el trabajo de a artista espa\u00f1ola Cristina BanBan.<\/span><span style=\"font-weight: 400;\"><\/p>\n<p><\/span><\/p>\n<p><b>Si tuvieras la oportunidad de llevarte, digamos, unas cinco obras de alguno de los mejores museos del mundo, \u00bfcu\u00e1les ser\u00edan?<\/b><span style=\"font-weight: 400;\"><br \/>\n<\/span><span style=\"font-weight: 400;\">Las se\u00f1oritas de Avignon, La musique, Composici\u00f3n VII, El entierro del conde de Orgaz, La procesi\u00f3n de la papa.<\/span><\/p>\n<p><b>\u00bfQu\u00e9 te sigue emocionando, Kiara?<\/b><b><br \/>\n<\/b><span style=\"font-weight: 400;\">Que mi obra les d\u00e9 un recuerdo a las personas, me emociona un lienzo en blanco.<\/span><\/p>\n<p><img loading=\"lazy\" decoding=\"async\" class=\"alignnone size-full wp-image-3628\" src=\"https:\/\/leonardo.pe\/wp\/wp-content\/uploads\/2023\/06\/FOTO-4-OK-2.jpg\" alt=\"\" width=\"1200\" height=\"801\" srcset=\"https:\/\/leonardo.pe\/wp\/wp-content\/uploads\/2023\/06\/FOTO-4-OK-2.jpg 1200w, https:\/\/leonardo.pe\/wp\/wp-content\/uploads\/2023\/06\/FOTO-4-OK-2-500x334.jpg 500w, https:\/\/leonardo.pe\/wp\/wp-content\/uploads\/2023\/06\/FOTO-4-OK-2-700x467.jpg 700w, https:\/\/leonardo.pe\/wp\/wp-content\/uploads\/2023\/06\/FOTO-4-OK-2-300x200.jpg 300w, https:\/\/leonardo.pe\/wp\/wp-content\/uploads\/2023\/06\/FOTO-4-OK-2-1024x684.jpg 1024w, https:\/\/leonardo.pe\/wp\/wp-content\/uploads\/2023\/06\/FOTO-4-OK-2-768x513.jpg 768w\" sizes=\"(max-width: 1200px) 100vw, 1200px\" \/><\/p>\n<p><b>Las claves<\/b><b><br \/>\n<\/b><span style=\"font-weight: 400;\">La muestra de Kiara Penny estar\u00e1 hasta el jueves 22 de este mes.<\/span><span style=\"font-weight: 400;\"><br \/>\n<\/span><span style=\"font-weight: 400;\">Galer\u00eda \u00cdndigo &#8211; Av. El Bosque 263 &#8211; San Isidro.<br \/>\n<\/span><span style=\"font-weight: 400;\">De lunes a s\u00e1bado de 10:30 a.m. a 7:30 p.m.<\/span><span style=\"font-weight: 400;\"><br \/>\n<\/span><span style=\"font-weight: 400;\">Domingos y feriados de 11:00 a.m. a 7:00 p.m.<\/span><\/p>\n<p><strong>El ingreso es libre<\/strong><\/p>\n","protected":false},"excerpt":{"rendered":"<p>Kiara Penny (Trujillo, 1992), es una artista pl\u00e1stica que, desde peque\u00f1a, llevaba a todas partes una caja de colores sin imaginar que ah\u00ed estaba su vocaci\u00f3n. Se inici\u00f3 como artista autodidacta y luego curs\u00f3 estudios en Bellas Artes y Corriente Alterna. Sus trabajos se basan en vivencias y emociones diarias, por lo que sus pinceladas y movimientos son temperamentales como sentimentales. Su estilo se caracteriza por ser en su mayor\u00eda expresionismo moderno y abstracto. Ha presentado las muestras individuales: Cuerpos silenciosos (2016), Eva (2017), Atm\u00f3sfera (2018) y ha participado en la muestra colectiva Realidades Paralelas (2019), entre otras. En estos d\u00edas, la artista est\u00e1 presentando en Galer\u00eda \u00cdndigo \u201cEl espejo de ellas\u201d, una cautivadora exposici\u00f3n de pinturas que tiene como protagonista la figura femenina. Esta muestra, en la que Penny ha trabajado desde la pandemia, presenta una serie de pinturas de gran formato, con siluetas y detalles trazados con carb\u00f3n, acr\u00edlicos y grafitos, trabajadas todas con t\u00e9cnica mixta, algo que permiti\u00f3 sumar profundidad y color a cada pieza.\u00a0 Son 25 pinturas donde cada una cuenta un d\u00eda, un recuerdo, una vivencia. Figuras femeninas con ojos grandes, coronas de rosas y de espinas, miradas inquietantes y curiosas, sonrisas, miedos, fuerza y fragilidad. Kiara convers\u00f3 con Leonardo, y esto fue lo que nos dijo. \u00bfQu\u00e9 define tu arte, Kiara? Mi arte son mis emociones, mis recuerdos y como he aprendido a ver y vernos como mujeres, d\u00e1ndole voz y soltando para ser libre. \u00bfD\u00f3nde encuentras tus mayores y mejores referencias? Me gusta mucho leer, crear historias y aprender de las personas cercanas a m\u00ed. \u00bfQu\u00e9 te inspira? Me inspira el mar, la naturaleza y los recuerdos \u00bfQu\u00e9 gatilla tu proceso creativo? A veces la tristeza, tocar fondo te hace ver la luz y lo maravilloso que tenemos en la vida. \u00bfQu\u00e9 sensaci\u00f3n te embarga al concluir una obra? El soltar un sentimiento y verlo como algo de luz \u00bfQu\u00e9 es lo que nunca debe faltar cuando pintas? Un caf\u00e9. \u00bfCu\u00e1l es el esp\u00edritu que habita en El espejo de ellas? El recuerdo de mi abuela, ver sus a\u00f1os de juventud y la felicidad que la embargaba en ese momento a trav\u00e9s de fotos que encontr\u00e9. Fue un proceso que dur\u00f3 dos a\u00f1os de asimilar y poder plasmarlo en lo que fue su vida de joven y sus \u00faltimos a\u00f1os conmigo. \u00bfC\u00f3mo fue su proceso? Re conectarme, soltar y traer todas las emociones que tenemos y ver que todas son parte de nosotros. \u00bfQu\u00e9 otra t\u00e9cnica de trabajo te gustar\u00eda aprender y explorar? Me gustar\u00eda hacer esculturas en arcilla \u00bfQu\u00e9 otras artes y artistas han llamado recientemente tu atenci\u00f3n? Me gusta la acuarela y \u00faltimamente me parece incre\u00edble el trabajo de a artista espa\u00f1ola Cristina BanBan. Si tuvieras la oportunidad de llevarte, digamos, unas cinco obras de alguno de los mejores museos del mundo, \u00bfcu\u00e1les ser\u00edan? Las se\u00f1oritas de Avignon, La musique, Composici\u00f3n VII, El entierro del conde de Orgaz, La procesi\u00f3n de la papa. \u00bfQu\u00e9 te sigue emocionando, Kiara? Que mi obra les d\u00e9 un recuerdo a las personas, me emociona un lienzo en blanco. Las claves La muestra de Kiara Penny estar\u00e1 hasta el jueves 22 de este mes. Galer\u00eda \u00cdndigo &#8211; Av. El Bosque 263 &#8211; San Isidro. De lunes a s\u00e1bado de 10:30 a.m. a 7:30 p.m. Domingos y feriados de 11:00 a.m. a 7:00 p.m. El ingreso es libre<\/p>\n","protected":false},"author":1,"featured_media":3629,"comment_status":"open","ping_status":"open","sticky":false,"template":"","format":"standard","meta":{"footnotes":""},"categories":[5],"tags":[],"class_list":["post-11403","post","type-post","status-publish","format-standard","has-post-thumbnail","hentry","category-entrevistas"],"yoast_head":"<!-- This site is optimized with the Yoast SEO plugin v27.5 - https:\/\/yoast.com\/product\/yoast-seo-wordpress\/ -->\n<title>Kiara Penny: \u201cMi arte son mis emociones, mis recuerdos y c\u00f3mo he aprendido a ver y vernos como mujeres, d\u00e1ndole voz y soltando para ser libre\u201d - Revista Leonardo<\/title>\n<meta name=\"robots\" content=\"index, follow, max-snippet:-1, max-image-preview:large, max-video-preview:-1\" \/>\n<link rel=\"canonical\" href=\"https:\/\/leonardo.pe\/wp\/2023\/06\/15\/kiara-penny-en-indigo-2\/\" \/>\n<meta property=\"og:locale\" content=\"es_ES\" \/>\n<meta property=\"og:type\" content=\"article\" \/>\n<meta property=\"og:title\" content=\"Kiara Penny: \u201cMi arte son mis emociones, mis recuerdos y c\u00f3mo he aprendido a ver y vernos como mujeres, d\u00e1ndole voz y soltando para ser libre\u201d - Revista Leonardo\" \/>\n<meta property=\"og:description\" content=\"Kiara Penny (Trujillo, 1992), es una artista pl\u00e1stica que, desde peque\u00f1a, llevaba a todas partes una caja de colores sin imaginar que ah\u00ed estaba su vocaci\u00f3n. Se inici\u00f3 como artista autodidacta y luego curs\u00f3 estudios en Bellas Artes y Corriente Alterna. Sus trabajos se basan en vivencias y emociones diarias, por lo que sus pinceladas y movimientos son temperamentales como sentimentales. Su estilo se caracteriza por ser en su mayor\u00eda expresionismo moderno y abstracto. Ha presentado las muestras individuales: Cuerpos silenciosos (2016), Eva (2017), Atm\u00f3sfera (2018) y ha participado en la muestra colectiva Realidades Paralelas (2019), entre otras. En estos d\u00edas, la artista est\u00e1 presentando en Galer\u00eda \u00cdndigo \u201cEl espejo de ellas\u201d, una cautivadora exposici\u00f3n de pinturas que tiene como protagonista la figura femenina. Esta muestra, en la que Penny ha trabajado desde la pandemia, presenta una serie de pinturas de gran formato, con siluetas y detalles trazados con carb\u00f3n, acr\u00edlicos y grafitos, trabajadas todas con t\u00e9cnica mixta, algo que permiti\u00f3 sumar profundidad y color a cada pieza.\u00a0 Son 25 pinturas donde cada una cuenta un d\u00eda, un recuerdo, una vivencia. Figuras femeninas con ojos grandes, coronas de rosas y de espinas, miradas inquietantes y curiosas, sonrisas, miedos, fuerza y fragilidad. Kiara convers\u00f3 con Leonardo, y esto fue lo que nos dijo. \u00bfQu\u00e9 define tu arte, Kiara? Mi arte son mis emociones, mis recuerdos y como he aprendido a ver y vernos como mujeres, d\u00e1ndole voz y soltando para ser libre. \u00bfD\u00f3nde encuentras tus mayores y mejores referencias? Me gusta mucho leer, crear historias y aprender de las personas cercanas a m\u00ed. \u00bfQu\u00e9 te inspira? Me inspira el mar, la naturaleza y los recuerdos \u00bfQu\u00e9 gatilla tu proceso creativo? A veces la tristeza, tocar fondo te hace ver la luz y lo maravilloso que tenemos en la vida. \u00bfQu\u00e9 sensaci\u00f3n te embarga al concluir una obra? El soltar un sentimiento y verlo como algo de luz \u00bfQu\u00e9 es lo que nunca debe faltar cuando pintas? Un caf\u00e9. \u00bfCu\u00e1l es el esp\u00edritu que habita en El espejo de ellas? El recuerdo de mi abuela, ver sus a\u00f1os de juventud y la felicidad que la embargaba en ese momento a trav\u00e9s de fotos que encontr\u00e9. Fue un proceso que dur\u00f3 dos a\u00f1os de asimilar y poder plasmarlo en lo que fue su vida de joven y sus \u00faltimos a\u00f1os conmigo. \u00bfC\u00f3mo fue su proceso? Re conectarme, soltar y traer todas las emociones que tenemos y ver que todas son parte de nosotros. \u00bfQu\u00e9 otra t\u00e9cnica de trabajo te gustar\u00eda aprender y explorar? Me gustar\u00eda hacer esculturas en arcilla \u00bfQu\u00e9 otras artes y artistas han llamado recientemente tu atenci\u00f3n? Me gusta la acuarela y \u00faltimamente me parece incre\u00edble el trabajo de a artista espa\u00f1ola Cristina BanBan. Si tuvieras la oportunidad de llevarte, digamos, unas cinco obras de alguno de los mejores museos del mundo, \u00bfcu\u00e1les ser\u00edan? Las se\u00f1oritas de Avignon, La musique, Composici\u00f3n VII, El entierro del conde de Orgaz, La procesi\u00f3n de la papa. \u00bfQu\u00e9 te sigue emocionando, Kiara? Que mi obra les d\u00e9 un recuerdo a las personas, me emociona un lienzo en blanco. Las claves La muestra de Kiara Penny estar\u00e1 hasta el jueves 22 de este mes. Galer\u00eda \u00cdndigo &#8211; Av. El Bosque 263 &#8211; San Isidro. De lunes a s\u00e1bado de 10:30 a.m. a 7:30 p.m. Domingos y feriados de 11:00 a.m. a 7:00 p.m. El ingreso es libre\" \/>\n<meta property=\"og:url\" content=\"https:\/\/leonardo.pe\/wp\/2023\/06\/15\/kiara-penny-en-indigo-2\/\" \/>\n<meta property=\"og:site_name\" content=\"Revista Leonardo\" \/>\n<meta property=\"article:publisher\" content=\"https:\/\/www.facebook.com\/revistaleonardo\" \/>\n<meta property=\"article:published_time\" content=\"2023-06-15T15:54:45+00:00\" \/>\n<meta property=\"og:image\" content=\"https:\/\/leonardo.pe\/wp\/wp-content\/uploads\/2023\/06\/portada20236-1.png\" \/>\n\t<meta property=\"og:image:width\" content=\"1300\" \/>\n\t<meta property=\"og:image:height\" content=\"600\" \/>\n\t<meta property=\"og:image:type\" content=\"image\/png\" \/>\n<meta name=\"author\" content=\"Leonardo\" \/>\n<meta name=\"twitter:card\" content=\"summary_large_image\" \/>\n<meta name=\"twitter:label1\" content=\"Escrito por\" \/>\n\t<meta name=\"twitter:data1\" content=\"Leonardo\" \/>\n\t<meta name=\"twitter:label2\" content=\"Tiempo de lectura\" \/>\n\t<meta name=\"twitter:data2\" content=\"4 minutos\" \/>\n<script type=\"application\/ld+json\" class=\"yoast-schema-graph\">{\"@context\":\"https:\\\/\\\/schema.org\",\"@graph\":[{\"@type\":\"Article\",\"@id\":\"https:\\\/\\\/leonardo.pe\\\/wp\\\/2023\\\/06\\\/15\\\/kiara-penny-en-indigo-2\\\/#article\",\"isPartOf\":{\"@id\":\"https:\\\/\\\/leonardo.pe\\\/wp\\\/2023\\\/06\\\/15\\\/kiara-penny-en-indigo-2\\\/\"},\"author\":{\"name\":\"Leonardo\",\"@id\":\"https:\\\/\\\/leonardo.pe\\\/wp\\\/#\\\/schema\\\/person\\\/ac167dc016eb759a4f16ef29aa8190e5\"},\"headline\":\"Kiara Penny: \u201cMi arte son mis emociones, mis recuerdos y c\u00f3mo he aprendido a ver y vernos como mujeres, d\u00e1ndole voz y soltando para ser libre\u201d\",\"datePublished\":\"2023-06-15T15:54:45+00:00\",\"mainEntityOfPage\":{\"@id\":\"https:\\\/\\\/leonardo.pe\\\/wp\\\/2023\\\/06\\\/15\\\/kiara-penny-en-indigo-2\\\/\"},\"wordCount\":616,\"commentCount\":0,\"publisher\":{\"@id\":\"https:\\\/\\\/leonardo.pe\\\/wp\\\/#organization\"},\"image\":{\"@id\":\"https:\\\/\\\/leonardo.pe\\\/wp\\\/2023\\\/06\\\/15\\\/kiara-penny-en-indigo-2\\\/#primaryimage\"},\"thumbnailUrl\":\"https:\\\/\\\/leonardo.pe\\\/wp\\\/wp-content\\\/uploads\\\/2023\\\/06\\\/portada20236-1.png\",\"articleSection\":[\"Entrevistas\"],\"inLanguage\":\"es\",\"potentialAction\":[{\"@type\":\"CommentAction\",\"name\":\"Comment\",\"target\":[\"https:\\\/\\\/leonardo.pe\\\/wp\\\/2023\\\/06\\\/15\\\/kiara-penny-en-indigo-2\\\/#respond\"]}]},{\"@type\":\"WebPage\",\"@id\":\"https:\\\/\\\/leonardo.pe\\\/wp\\\/2023\\\/06\\\/15\\\/kiara-penny-en-indigo-2\\\/\",\"url\":\"https:\\\/\\\/leonardo.pe\\\/wp\\\/2023\\\/06\\\/15\\\/kiara-penny-en-indigo-2\\\/\",\"name\":\"Kiara Penny: \u201cMi arte son mis emociones, mis recuerdos y c\u00f3mo he aprendido a ver y vernos como mujeres, d\u00e1ndole voz y soltando para ser libre\u201d - Revista Leonardo\",\"isPartOf\":{\"@id\":\"https:\\\/\\\/leonardo.pe\\\/wp\\\/#website\"},\"primaryImageOfPage\":{\"@id\":\"https:\\\/\\\/leonardo.pe\\\/wp\\\/2023\\\/06\\\/15\\\/kiara-penny-en-indigo-2\\\/#primaryimage\"},\"image\":{\"@id\":\"https:\\\/\\\/leonardo.pe\\\/wp\\\/2023\\\/06\\\/15\\\/kiara-penny-en-indigo-2\\\/#primaryimage\"},\"thumbnailUrl\":\"https:\\\/\\\/leonardo.pe\\\/wp\\\/wp-content\\\/uploads\\\/2023\\\/06\\\/portada20236-1.png\",\"datePublished\":\"2023-06-15T15:54:45+00:00\",\"breadcrumb\":{\"@id\":\"https:\\\/\\\/leonardo.pe\\\/wp\\\/2023\\\/06\\\/15\\\/kiara-penny-en-indigo-2\\\/#breadcrumb\"},\"inLanguage\":\"es\",\"potentialAction\":[{\"@type\":\"ReadAction\",\"target\":[\"https:\\\/\\\/leonardo.pe\\\/wp\\\/2023\\\/06\\\/15\\\/kiara-penny-en-indigo-2\\\/\"]}]},{\"@type\":\"ImageObject\",\"inLanguage\":\"es\",\"@id\":\"https:\\\/\\\/leonardo.pe\\\/wp\\\/2023\\\/06\\\/15\\\/kiara-penny-en-indigo-2\\\/#primaryimage\",\"url\":\"https:\\\/\\\/leonardo.pe\\\/wp\\\/wp-content\\\/uploads\\\/2023\\\/06\\\/portada20236-1.png\",\"contentUrl\":\"https:\\\/\\\/leonardo.pe\\\/wp\\\/wp-content\\\/uploads\\\/2023\\\/06\\\/portada20236-1.png\",\"width\":1300,\"height\":600},{\"@type\":\"BreadcrumbList\",\"@id\":\"https:\\\/\\\/leonardo.pe\\\/wp\\\/2023\\\/06\\\/15\\\/kiara-penny-en-indigo-2\\\/#breadcrumb\",\"itemListElement\":[{\"@type\":\"ListItem\",\"position\":1,\"name\":\"Portada\",\"item\":\"https:\\\/\\\/leonardo.pe\\\/wp\\\/\"},{\"@type\":\"ListItem\",\"position\":2,\"name\":\"Kiara Penny: \u201cMi arte son mis emociones, mis recuerdos y c\u00f3mo he aprendido a ver y vernos como mujeres, d\u00e1ndole voz y soltando para ser libre\u201d\"}]},{\"@type\":\"WebSite\",\"@id\":\"https:\\\/\\\/leonardo.pe\\\/wp\\\/#website\",\"url\":\"https:\\\/\\\/leonardo.pe\\\/wp\\\/\",\"name\":\"Revista Leonardo\",\"description\":\"Cultura Creativa\",\"publisher\":{\"@id\":\"https:\\\/\\\/leonardo.pe\\\/wp\\\/#organization\"},\"potentialAction\":[{\"@type\":\"SearchAction\",\"target\":{\"@type\":\"EntryPoint\",\"urlTemplate\":\"https:\\\/\\\/leonardo.pe\\\/wp\\\/?s={search_term_string}\"},\"query-input\":{\"@type\":\"PropertyValueSpecification\",\"valueRequired\":true,\"valueName\":\"search_term_string\"}}],\"inLanguage\":\"es\"},{\"@type\":\"Organization\",\"@id\":\"https:\\\/\\\/leonardo.pe\\\/wp\\\/#organization\",\"name\":\"Revista Leonardo\",\"url\":\"https:\\\/\\\/leonardo.pe\\\/wp\\\/\",\"logo\":{\"@type\":\"ImageObject\",\"inLanguage\":\"es\",\"@id\":\"https:\\\/\\\/leonardo.pe\\\/wp\\\/#\\\/schema\\\/logo\\\/image\\\/\",\"url\":\"https:\\\/\\\/leonardo.pe\\\/wp\\\/wp-content\\\/uploads\\\/2024\\\/02\\\/cropped-cropped-cropped-cropped-cropped-LOGO-lEONARDO-1.png\",\"contentUrl\":\"https:\\\/\\\/leonardo.pe\\\/wp\\\/wp-content\\\/uploads\\\/2024\\\/02\\\/cropped-cropped-cropped-cropped-cropped-LOGO-lEONARDO-1.png\",\"width\":500,\"height\":500,\"caption\":\"Revista Leonardo\"},\"image\":{\"@id\":\"https:\\\/\\\/leonardo.pe\\\/wp\\\/#\\\/schema\\\/logo\\\/image\\\/\"},\"sameAs\":[\"https:\\\/\\\/www.facebook.com\\\/revistaleonardo\",\"https:\\\/\\\/www.instagram.com\\\/revistaleonardo\\\/\",\"https:\\\/\\\/www.linkedin.com\\\/company\\\/revistaleonardo\\\/\"]},{\"@type\":\"Person\",\"@id\":\"https:\\\/\\\/leonardo.pe\\\/wp\\\/#\\\/schema\\\/person\\\/ac167dc016eb759a4f16ef29aa8190e5\",\"name\":\"Leonardo\",\"image\":{\"@type\":\"ImageObject\",\"inLanguage\":\"es\",\"@id\":\"https:\\\/\\\/secure.gravatar.com\\\/avatar\\\/e9a7fbbc8f20e0eaef54a86a7603d1c44b0c9aec430ae9505d91a9b5efa69cc5?s=96&d=mm&r=g\",\"url\":\"https:\\\/\\\/secure.gravatar.com\\\/avatar\\\/e9a7fbbc8f20e0eaef54a86a7603d1c44b0c9aec430ae9505d91a9b5efa69cc5?s=96&d=mm&r=g\",\"contentUrl\":\"https:\\\/\\\/secure.gravatar.com\\\/avatar\\\/e9a7fbbc8f20e0eaef54a86a7603d1c44b0c9aec430ae9505d91a9b5efa69cc5?s=96&d=mm&r=g\",\"caption\":\"Leonardo\"},\"sameAs\":[\"http:\\\/\\\/leonardo.pe\\\/wp\"],\"url\":\"https:\\\/\\\/leonardo.pe\\\/wp\\\/author\\\/leonardo\\\/\"}]}<\/script>\n<!-- \/ Yoast SEO plugin. -->","yoast_head_json":{"title":"Kiara Penny: \u201cMi arte son mis emociones, mis recuerdos y c\u00f3mo he aprendido a ver y vernos como mujeres, d\u00e1ndole voz y soltando para ser libre\u201d - Revista Leonardo","robots":{"index":"index","follow":"follow","max-snippet":"max-snippet:-1","max-image-preview":"max-image-preview:large","max-video-preview":"max-video-preview:-1"},"canonical":"https:\/\/leonardo.pe\/wp\/2023\/06\/15\/kiara-penny-en-indigo-2\/","og_locale":"es_ES","og_type":"article","og_title":"Kiara Penny: \u201cMi arte son mis emociones, mis recuerdos y c\u00f3mo he aprendido a ver y vernos como mujeres, d\u00e1ndole voz y soltando para ser libre\u201d - Revista Leonardo","og_description":"Kiara Penny (Trujillo, 1992), es una artista pl\u00e1stica que, desde peque\u00f1a, llevaba a todas partes una caja de colores sin imaginar que ah\u00ed estaba su vocaci\u00f3n. Se inici\u00f3 como artista autodidacta y luego curs\u00f3 estudios en Bellas Artes y Corriente Alterna. Sus trabajos se basan en vivencias y emociones diarias, por lo que sus pinceladas y movimientos son temperamentales como sentimentales. Su estilo se caracteriza por ser en su mayor\u00eda expresionismo moderno y abstracto. Ha presentado las muestras individuales: Cuerpos silenciosos (2016), Eva (2017), Atm\u00f3sfera (2018) y ha participado en la muestra colectiva Realidades Paralelas (2019), entre otras. En estos d\u00edas, la artista est\u00e1 presentando en Galer\u00eda \u00cdndigo \u201cEl espejo de ellas\u201d, una cautivadora exposici\u00f3n de pinturas que tiene como protagonista la figura femenina. Esta muestra, en la que Penny ha trabajado desde la pandemia, presenta una serie de pinturas de gran formato, con siluetas y detalles trazados con carb\u00f3n, acr\u00edlicos y grafitos, trabajadas todas con t\u00e9cnica mixta, algo que permiti\u00f3 sumar profundidad y color a cada pieza.\u00a0 Son 25 pinturas donde cada una cuenta un d\u00eda, un recuerdo, una vivencia. Figuras femeninas con ojos grandes, coronas de rosas y de espinas, miradas inquietantes y curiosas, sonrisas, miedos, fuerza y fragilidad. Kiara convers\u00f3 con Leonardo, y esto fue lo que nos dijo. \u00bfQu\u00e9 define tu arte, Kiara? Mi arte son mis emociones, mis recuerdos y como he aprendido a ver y vernos como mujeres, d\u00e1ndole voz y soltando para ser libre. \u00bfD\u00f3nde encuentras tus mayores y mejores referencias? Me gusta mucho leer, crear historias y aprender de las personas cercanas a m\u00ed. \u00bfQu\u00e9 te inspira? Me inspira el mar, la naturaleza y los recuerdos \u00bfQu\u00e9 gatilla tu proceso creativo? A veces la tristeza, tocar fondo te hace ver la luz y lo maravilloso que tenemos en la vida. \u00bfQu\u00e9 sensaci\u00f3n te embarga al concluir una obra? El soltar un sentimiento y verlo como algo de luz \u00bfQu\u00e9 es lo que nunca debe faltar cuando pintas? Un caf\u00e9. \u00bfCu\u00e1l es el esp\u00edritu que habita en El espejo de ellas? El recuerdo de mi abuela, ver sus a\u00f1os de juventud y la felicidad que la embargaba en ese momento a trav\u00e9s de fotos que encontr\u00e9. Fue un proceso que dur\u00f3 dos a\u00f1os de asimilar y poder plasmarlo en lo que fue su vida de joven y sus \u00faltimos a\u00f1os conmigo. \u00bfC\u00f3mo fue su proceso? Re conectarme, soltar y traer todas las emociones que tenemos y ver que todas son parte de nosotros. \u00bfQu\u00e9 otra t\u00e9cnica de trabajo te gustar\u00eda aprender y explorar? Me gustar\u00eda hacer esculturas en arcilla \u00bfQu\u00e9 otras artes y artistas han llamado recientemente tu atenci\u00f3n? Me gusta la acuarela y \u00faltimamente me parece incre\u00edble el trabajo de a artista espa\u00f1ola Cristina BanBan. Si tuvieras la oportunidad de llevarte, digamos, unas cinco obras de alguno de los mejores museos del mundo, \u00bfcu\u00e1les ser\u00edan? Las se\u00f1oritas de Avignon, La musique, Composici\u00f3n VII, El entierro del conde de Orgaz, La procesi\u00f3n de la papa. \u00bfQu\u00e9 te sigue emocionando, Kiara? Que mi obra les d\u00e9 un recuerdo a las personas, me emociona un lienzo en blanco. Las claves La muestra de Kiara Penny estar\u00e1 hasta el jueves 22 de este mes. Galer\u00eda \u00cdndigo &#8211; Av. El Bosque 263 &#8211; San Isidro. De lunes a s\u00e1bado de 10:30 a.m. a 7:30 p.m. Domingos y feriados de 11:00 a.m. a 7:00 p.m. El ingreso es libre","og_url":"https:\/\/leonardo.pe\/wp\/2023\/06\/15\/kiara-penny-en-indigo-2\/","og_site_name":"Revista Leonardo","article_publisher":"https:\/\/www.facebook.com\/revistaleonardo","article_published_time":"2023-06-15T15:54:45+00:00","og_image":[{"width":1300,"height":600,"url":"https:\/\/leonardo.pe\/wp\/wp-content\/uploads\/2023\/06\/portada20236-1.png","type":"image\/png"}],"author":"Leonardo","twitter_card":"summary_large_image","twitter_misc":{"Escrito por":"Leonardo","Tiempo de lectura":"4 minutos"},"schema":{"@context":"https:\/\/schema.org","@graph":[{"@type":"Article","@id":"https:\/\/leonardo.pe\/wp\/2023\/06\/15\/kiara-penny-en-indigo-2\/#article","isPartOf":{"@id":"https:\/\/leonardo.pe\/wp\/2023\/06\/15\/kiara-penny-en-indigo-2\/"},"author":{"name":"Leonardo","@id":"https:\/\/leonardo.pe\/wp\/#\/schema\/person\/ac167dc016eb759a4f16ef29aa8190e5"},"headline":"Kiara Penny: \u201cMi arte son mis emociones, mis recuerdos y c\u00f3mo he aprendido a ver y vernos como mujeres, d\u00e1ndole voz y soltando para ser libre\u201d","datePublished":"2023-06-15T15:54:45+00:00","mainEntityOfPage":{"@id":"https:\/\/leonardo.pe\/wp\/2023\/06\/15\/kiara-penny-en-indigo-2\/"},"wordCount":616,"commentCount":0,"publisher":{"@id":"https:\/\/leonardo.pe\/wp\/#organization"},"image":{"@id":"https:\/\/leonardo.pe\/wp\/2023\/06\/15\/kiara-penny-en-indigo-2\/#primaryimage"},"thumbnailUrl":"https:\/\/leonardo.pe\/wp\/wp-content\/uploads\/2023\/06\/portada20236-1.png","articleSection":["Entrevistas"],"inLanguage":"es","potentialAction":[{"@type":"CommentAction","name":"Comment","target":["https:\/\/leonardo.pe\/wp\/2023\/06\/15\/kiara-penny-en-indigo-2\/#respond"]}]},{"@type":"WebPage","@id":"https:\/\/leonardo.pe\/wp\/2023\/06\/15\/kiara-penny-en-indigo-2\/","url":"https:\/\/leonardo.pe\/wp\/2023\/06\/15\/kiara-penny-en-indigo-2\/","name":"Kiara Penny: \u201cMi arte son mis emociones, mis recuerdos y c\u00f3mo he aprendido a ver y vernos como mujeres, d\u00e1ndole voz y soltando para ser libre\u201d - Revista Leonardo","isPartOf":{"@id":"https:\/\/leonardo.pe\/wp\/#website"},"primaryImageOfPage":{"@id":"https:\/\/leonardo.pe\/wp\/2023\/06\/15\/kiara-penny-en-indigo-2\/#primaryimage"},"image":{"@id":"https:\/\/leonardo.pe\/wp\/2023\/06\/15\/kiara-penny-en-indigo-2\/#primaryimage"},"thumbnailUrl":"https:\/\/leonardo.pe\/wp\/wp-content\/uploads\/2023\/06\/portada20236-1.png","datePublished":"2023-06-15T15:54:45+00:00","breadcrumb":{"@id":"https:\/\/leonardo.pe\/wp\/2023\/06\/15\/kiara-penny-en-indigo-2\/#breadcrumb"},"inLanguage":"es","potentialAction":[{"@type":"ReadAction","target":["https:\/\/leonardo.pe\/wp\/2023\/06\/15\/kiara-penny-en-indigo-2\/"]}]},{"@type":"ImageObject","inLanguage":"es","@id":"https:\/\/leonardo.pe\/wp\/2023\/06\/15\/kiara-penny-en-indigo-2\/#primaryimage","url":"https:\/\/leonardo.pe\/wp\/wp-content\/uploads\/2023\/06\/portada20236-1.png","contentUrl":"https:\/\/leonardo.pe\/wp\/wp-content\/uploads\/2023\/06\/portada20236-1.png","width":1300,"height":600},{"@type":"BreadcrumbList","@id":"https:\/\/leonardo.pe\/wp\/2023\/06\/15\/kiara-penny-en-indigo-2\/#breadcrumb","itemListElement":[{"@type":"ListItem","position":1,"name":"Portada","item":"https:\/\/leonardo.pe\/wp\/"},{"@type":"ListItem","position":2,"name":"Kiara Penny: \u201cMi arte son mis emociones, mis recuerdos y c\u00f3mo he aprendido a ver y vernos como mujeres, d\u00e1ndole voz y soltando para ser libre\u201d"}]},{"@type":"WebSite","@id":"https:\/\/leonardo.pe\/wp\/#website","url":"https:\/\/leonardo.pe\/wp\/","name":"Revista Leonardo","description":"Cultura Creativa","publisher":{"@id":"https:\/\/leonardo.pe\/wp\/#organization"},"potentialAction":[{"@type":"SearchAction","target":{"@type":"EntryPoint","urlTemplate":"https:\/\/leonardo.pe\/wp\/?s={search_term_string}"},"query-input":{"@type":"PropertyValueSpecification","valueRequired":true,"valueName":"search_term_string"}}],"inLanguage":"es"},{"@type":"Organization","@id":"https:\/\/leonardo.pe\/wp\/#organization","name":"Revista Leonardo","url":"https:\/\/leonardo.pe\/wp\/","logo":{"@type":"ImageObject","inLanguage":"es","@id":"https:\/\/leonardo.pe\/wp\/#\/schema\/logo\/image\/","url":"https:\/\/leonardo.pe\/wp\/wp-content\/uploads\/2024\/02\/cropped-cropped-cropped-cropped-cropped-LOGO-lEONARDO-1.png","contentUrl":"https:\/\/leonardo.pe\/wp\/wp-content\/uploads\/2024\/02\/cropped-cropped-cropped-cropped-cropped-LOGO-lEONARDO-1.png","width":500,"height":500,"caption":"Revista Leonardo"},"image":{"@id":"https:\/\/leonardo.pe\/wp\/#\/schema\/logo\/image\/"},"sameAs":["https:\/\/www.facebook.com\/revistaleonardo","https:\/\/www.instagram.com\/revistaleonardo\/","https:\/\/www.linkedin.com\/company\/revistaleonardo\/"]},{"@type":"Person","@id":"https:\/\/leonardo.pe\/wp\/#\/schema\/person\/ac167dc016eb759a4f16ef29aa8190e5","name":"Leonardo","image":{"@type":"ImageObject","inLanguage":"es","@id":"https:\/\/secure.gravatar.com\/avatar\/e9a7fbbc8f20e0eaef54a86a7603d1c44b0c9aec430ae9505d91a9b5efa69cc5?s=96&d=mm&r=g","url":"https:\/\/secure.gravatar.com\/avatar\/e9a7fbbc8f20e0eaef54a86a7603d1c44b0c9aec430ae9505d91a9b5efa69cc5?s=96&d=mm&r=g","contentUrl":"https:\/\/secure.gravatar.com\/avatar\/e9a7fbbc8f20e0eaef54a86a7603d1c44b0c9aec430ae9505d91a9b5efa69cc5?s=96&d=mm&r=g","caption":"Leonardo"},"sameAs":["http:\/\/leonardo.pe\/wp"],"url":"https:\/\/leonardo.pe\/wp\/author\/leonardo\/"}]}},"_links":{"self":[{"href":"https:\/\/leonardo.pe\/wp\/wp-json\/wp\/v2\/posts\/11403","targetHints":{"allow":["GET"]}}],"collection":[{"href":"https:\/\/leonardo.pe\/wp\/wp-json\/wp\/v2\/posts"}],"about":[{"href":"https:\/\/leonardo.pe\/wp\/wp-json\/wp\/v2\/types\/post"}],"author":[{"embeddable":true,"href":"https:\/\/leonardo.pe\/wp\/wp-json\/wp\/v2\/users\/1"}],"replies":[{"embeddable":true,"href":"https:\/\/leonardo.pe\/wp\/wp-json\/wp\/v2\/comments?post=11403"}],"version-history":[{"count":0,"href":"https:\/\/leonardo.pe\/wp\/wp-json\/wp\/v2\/posts\/11403\/revisions"}],"wp:featuredmedia":[{"embeddable":true,"href":"https:\/\/leonardo.pe\/wp\/wp-json\/wp\/v2\/media\/3629"}],"wp:attachment":[{"href":"https:\/\/leonardo.pe\/wp\/wp-json\/wp\/v2\/media?parent=11403"}],"wp:term":[{"taxonomy":"category","embeddable":true,"href":"https:\/\/leonardo.pe\/wp\/wp-json\/wp\/v2\/categories?post=11403"},{"taxonomy":"post_tag","embeddable":true,"href":"https:\/\/leonardo.pe\/wp\/wp-json\/wp\/v2\/tags?post=11403"}],"curies":[{"name":"wp","href":"https:\/\/api.w.org\/{rel}","templated":true}]}}